{"id":439,"date":"2011-12-22T13:40:18","date_gmt":"2011-12-22T12:40:18","guid":{"rendered":"http:\/\/casapovovermoim-maia.org\/?p=439"},"modified":"2014-08-22T21:48:27","modified_gmt":"2014-08-22T20:48:27","slug":"convocatoria-assembleia-geral-eleicoes","status":"publish","type":"post","link":"https:\/\/casapovovermoim-maia.org\/?p=439","title":{"rendered":"Convocat\u00f3ria Assembleia Geral &#8211; Elei\u00e7\u00f5es"},"content":{"rendered":"<p>CASA DO POVO DE VERMOIM \u2013 MAIA<br \/>\nC O N V O C A T \u00d3 R I A<\/p>\n<p>Nos termos do preceituado no n\u00famero 1, do artigo 46\u00ba dos Estatutos da Casa do Povo de Vermoim, convoco todos os s\u00f3cios, para uma Assembleia Extraordin\u00e1ria, a realizar no dia 30 de Dezembro, pelas 20.00 horas, no edif\u00edcio sede, sito na Rua do Cavaco n\u00ba 277, Vermoim \u2013 Maia, com a seguinte ordem de trabalhos:<br \/>\nPonto \u00danico<br \/>\n&#8211; Elei\u00e7\u00f5es dos membros dos \u00d3rg\u00e3os Sociais \u2013 Assembleia Geral, Direc\u00e7\u00e3o e Conselho Fiscal, para o tri\u00e9nio de 2012 \u2013 2014.<br \/>\nNa falta de qu\u00f3rum a Assembleia Geral Ordin\u00e1ria funcionar\u00e1 em segunda convocat\u00f3ria, pelas 21.00 horas, nos termos do preceituado pelo n\u00famero 1, do artigo 32.\u00ba dos respectivos Estatutos.<\/p>\n<p>Vermoim, 12 de Dezembro de 2011<\/p>\n<p>Com os meus melhores cumprimentos,<\/p>\n<p>O Presidente da Mesa da Assembleia Geral<br \/>\nAb\u00edlio Fernando Gomes Oliveira da Silva<\/p>\n","protected":false},"excerpt":{"rendered":"<p>CASA DO POVO DE VERMOIM \u2013 MAIA C O N V O C A T \u00d3 R I A<\/p>\n<p>Nos termos do preceituado no n\u00famero 1, do artigo 46\u00ba dos Estatutos da Casa do Povo de Vermoim, convoco todos os s\u00f3cios, para uma Assembleia Extraordin\u00e1ria, a realizar no dia 30 de Dezembro, pelas 20.00 horas, [&#8230;]<\/p>\n","protected":false},"author":5,"featured_media":0,"comment_status":"closed","ping_status":"closed","sticky":true,"template":"","format":"standard","meta":{"footnotes":""},"categories":[1],"tags":[],"_links":{"self":[{"href":"https:\/\/casapovovermoim-maia.org\/index.php?rest_route=\/wp\/v2\/posts\/439"}],"collection":[{"href":"https:\/\/casapovovermoim-maia.org\/index.php?rest_route=\/wp\/v2\/posts"}],"about":[{"href":"https:\/\/casapovovermoim-maia.org\/index.php?rest_route=\/wp\/v2\/types\/post"}],"author":[{"embeddable":true,"href":"https:\/\/casapovovermoim-maia.org\/index.php?rest_route=\/wp\/v2\/users\/5"}],"replies":[{"embeddable":true,"href":"https:\/\/casapovovermoim-maia.org\/index.php?rest_route=%2Fwp%2Fv2%2Fcomments&post=439"}],"version-history":[{"count":0,"href":"https:\/\/casapovovermoim-maia.org\/index.php?rest_route=\/wp\/v2\/posts\/439\/revisions"}],"wp:attachment":[{"href":"https:\/\/casapovovermoim-maia.org\/index.php?rest_route=%2Fwp%2Fv2%2Fmedia&parent=439"}],"wp:term":[{"taxonomy":"category","embeddable":true,"href":"https:\/\/casapovovermoim-maia.org\/index.php?rest_route=%2Fwp%2Fv2%2Fcategories&post=439"},{"taxonomy":"post_tag","embeddable":true,"href":"https:\/\/casapovovermoim-maia.org\/index.php?rest_route=%2Fwp%2Fv2%2Ftags&post=439"}],"curies":[{"name":"wp","href":"https:\/\/api.w.org\/{rel}","templated":true}]}}